{"id":3256,"date":"2020-12-09T23:29:23","date_gmt":"2020-12-09T23:29:23","guid":{"rendered":"https:\/\/feministaslucidas.org\/?p=3256"},"modified":"2020-12-28T20:18:03","modified_gmt":"2020-12-28T20:18:03","slug":"encuentros-y-conversatorios","status":"publish","type":"post","link":"https:\/\/feministaslucidas.org\/index.php\/2020\/12\/09\/encuentros-y-conversatorios\/","title":{"rendered":"Encuentros y conversatorios"},"content":{"rendered":"\t\t<div data-elementor-type=\"wp-post\" data-elementor-id=\"3256\" class=\"elementor elementor-3256\" data-elementor-settings=\"[]\">\n\t\t\t\t\t\t<div class=\"elementor-inner\">\n\t\t\t\t\t\t\t<div class=\"elementor-section-wrap\">\n\t\t\t\t\t\t\t<section class=\"elementor-section elementor-top-section elementor-element elementor-element-74de7c3 elementor-section-height-min-height elementor-section-items-stretch elementor-section-boxed elementor-section-height-default\" data-id=\"74de7c3\" data-element_type=\"section\">\n\t\t\t\t\t\t<div class=\"elementor-container elementor-column-gap-narrow\">\n\t\t\t\t\t\t\t<div class=\"elementor-row\">\n\t\t\t\t\t<div class=\"elementor-column elementor-col-100 elementor-top-column elementor-element elementor-element-d325472\" data-id=\"d325472\" data-element_type=\"column\">\n\t\t\t<div class=\"elementor-column-wrap elementor-element-populated\">\n\t\t\t\t\t\t\t<div class=\"elementor-widget-wrap\">\n\t\t\t\t\t\t<div class=\"elementor-element elementor-element-d8459cf elementor-widget elementor-widget-text-editor\" data-id=\"d8459cf\" data-element_type=\"widget\" data-widget_type=\"text-editor.default\">\n\t\t\t\t<div class=\"elementor-widget-container\">\n\t\t\t\t\t<div class=\"elementor-text-editor elementor-clearfix\"><p><span style=\"font-size: 2.1rem;\"><b>\u201cGenealog\u00eda de mujeres del feminismo radical de la diferencia\u201d<\/b>.<\/span><\/p><p><span style=\"font-weight: 400;\">7 de octubre de 2017, en JJVV (Junta de Vecina\/os) del Barrio Yungay.<\/span><\/p><p><span style=\"font-weight: 400;\"><u>Presentaciones<\/u>:<\/span><\/p><ul><li><span style=\"font-size: inherit; text-align: inherit;\">Genealog\u00eda del feminismo radical de la diferencia, Andrea Franulic Depix<\/span><\/li><li><span style=\"font-weight: 400;\">Christine de Piz\u00e1n, Jessica Gamboa Vald\u00e9s<\/span><\/li><li><span style=\"font-weight: 400;\">Virginia Woolf, Anita Quintana Aedo<\/span><\/li><li><span style=\"font-weight: 400;\">Carla Lonzi, Natalia Paz Amado<\/span><\/li><li><span style=\"font-weight: 400;\">Audre Lorde, Camila Antonia Sandivari<\/span><\/li><\/ul><p><span style=\"font-weight: 400;\">Moderadora: Mariana Poblete<\/span><\/p><p><span style=\"font-size: 2.1rem; text-align: inherit;\"><b>\u201cEncuentro Intergeneracional: \u00bfqu\u00e9 es hacer pol\u00edtica feminista radical hoy?\u201d<\/b>.\u00a0<\/span><span style=\"font-size: inherit; text-align: inherit;\">7 de julio de 2018, en JJVV del Barrio Yungay.<\/span><\/p><p><span style=\"font-weight: 400;\"><u>Expusieron:<\/u><\/span><\/p><ul><li><span style=\"font-weight: 400;\">Ximena Bedregal<\/span><\/li><li><span style=\"font-weight: 400;\">Andrea Franulic<\/span><\/li><li><span style=\"font-weight: 400;\">Jessica Gamboa Vald\u00e9s<\/span><\/li><li><span style=\"font-weight: 400;\">Francisca Barrientos Tapia<\/span><\/li><\/ul><p><span style=\"font-weight: 400;\">Moderadora: Camila Castillo<\/span><\/p><p><span style=\"font-size: 2.1rem; text-align: inherit;\"><b>\u201cLanzamiento cuadernillo \u2018Huellas de los deseos libres\u00bb<\/b>.\u00a0<\/span><span style=\"font-size: inherit; text-align: inherit;\">6 de julio de 2019, en JJVV del Barrio Yungay.<\/span><\/p><p><span style=\"font-weight: 400;\"><u>Presentaciones:<\/u><\/span><\/p><ul><li><span style=\"font-weight: 400;\">Huellas de los deseos libres, Andrea Franulic Depix<\/span><\/li><li><span style=\"font-weight: 400;\">Virginia, tus palabras me envuelven completa, Francisca Barrientos Tapia<\/span><\/li><li><span style=\"font-weight: 400;\">La recuperaci\u00f3n de mi voz, Ang\u00e9lica R\u00edos Rojas<\/span><\/li><li><span style=\"font-weight: 400;\">\u00a1A derribar el muro!, Mar\u00eda Gloria Castell\u00f3n<\/span><\/li><li><span style=\"font-weight: 400;\">Inc\u00f3lume esper\u00e1ndome, Andrea Franulic Depix<\/span><\/li><li>M\u00fasica: Jessica Gamboa Vald\u00e9s<\/li><\/ul><p><span style=\"font-size: 2.1rem; text-align: inherit;\"><b>\u201cPrimer conversatorio del ciclo de la contingencia pol\u00edtica: \u2018Educaci\u00f3n androc\u00e9ntrica y movimiento estudiantil feminista\u00bb<\/b>.\u00a0<\/span><span style=\"font-size: inherit; text-align: inherit;\">31 de agosto de 2019, en JJVV del Barrio Yungay.<\/span><\/p><p><span style=\"font-weight: 400;\">Puesta en escena basada en \u201cTres Guineas\u201d de Virginia Woolf: Jessica Gamboa Vald\u00e9s &amp; Andrea Franulic Depix.\u00a0<\/span><\/p><p><span style=\"font-weight: 400;\">M\u00fasicalizaci\u00f3n: Javiera Fernanda Gonz\u00e1lez y P\u00eda Cajas Maureira<\/span><\/p><p><span style=\"font-weight: 400;\"><u>Presentaciones:<\/u><\/span><\/p><ul><li><span style=\"font-weight: 400;\">La educaci\u00f3n en el fin del patriarcado, P\u00eda Cajas Maureira<\/span><\/li><li><span style=\"font-weight: 400;\">\u00bfEducaci\u00f3n no sexista?, Andrea Franulic Depix<\/span><\/li><li><span style=\"font-weight: 400;\">La educaci\u00f3n no es neutra, Jessica Gamboa Vald\u00e9s<\/span><\/li><\/ul><p><span style=\"font-weight: 400;\">Moderadora: Francisca Barrientos Tapia<\/span><\/p><p><span style=\"font-size: 2.1rem;\"><b>\u201cSegundo conversatorio del ciclo de la contingencia pol\u00edtica: \u2018Violencia de los hombres contra las mujeres\u00bb<\/b>.\u00a0<\/span><span style=\"font-weight: 400;\">28 de septiembre de 2019, en JJVV del Barrio Yungay.<\/span><\/p><p><span style=\"font-weight: 400;\">Lectura po\u00e9tica: Anita Quintana Aedo, Francisca Barrientos Tapia, Andrea Franulic Depix y Jessica Gamboa Vald\u00e9s<\/span><\/p><p><span style=\"font-weight: 400;\">M\u00fasica: Javiera Fernanda Gonz\u00e1lez y P\u00eda Cajas Maureira<\/span><\/p><p><span style=\"font-weight: 400;\"><u>Presentaciones:<\/u><\/span><\/p><ul><li><span style=\"font-weight: 400;\">\u201cUn quiebro\u201d, Andrea Franulic<\/span><\/li><li><span style=\"font-weight: 400;\">\u201cSobre la libertad dionisiaca\u201d, Carmen Mart\u00edn<\/span><\/li><li><span style=\"font-weight: 400;\">\u201cEl simb\u00f3lico de la violencia\u201d, Anita Quintana<\/span><\/li><\/ul><p><span style=\"font-weight: 400;\">Moderadora: Natalia Paz Amado<\/span><\/p><p><span style=\"font-weight: 400;\">[Se suspende el ciclo por la Revuelta Social]<\/span><\/p><p><span style=\"font-size: 2.1rem;\"><b>\u201cEncuentro de mujeres: la pol\u00edtica de las mujeres en medio de la revuelta social\u201d (p<\/b><\/span><span style=\"font-size: 2.1rem;\"><b>rimera parte). <\/b><\/span><span style=\"font-size: inherit; text-align: inherit;\">\u00a09 de noviembre de 2019, en JJVV del barrio Yungay.\u00a0<\/span><\/p><p><span style=\"font-size: 2.1rem;\"><b>\u201c\u00bfQu\u00e9 es una vida digna para una mujer que se pretende libre?\u201d(s<\/b><\/span><span style=\"font-size: 2.1rem;\"><b>egunda parte)<\/b>.\u00a0<\/span><span style=\"font-size: inherit; text-align: inherit;\">23 de noviemb<\/span><span style=\"font-size: inherit; text-align: inherit;\">re de 2019, en Parque Quinta Normal.<\/span><\/p><p><span style=\"font-weight: 400;\">Para introducir la conversaci\u00f3n:<\/span><\/p><p><span style=\"font-weight: 400;\">\u00bfQu\u00e9 es una vida digna para una mujer lesbiana que se pretende libre?, Andrea Franulic Depix.<\/span><\/p><p><span style=\"font-size: 2.1rem;\"><b>\u201cConversaci\u00f3n por la vida digna y otras reflexiones\u201d<\/b>.\u00a0<\/span><span style=\"font-weight: 400;\">2 de diciembre de 2019, en el Parque Manuel Guti\u00e9rrez, Lo Hermida, Pe\u00f1alol\u00e9n.<\/span><\/p><p><span style=\"font-weight: 400;\">Para introducir la conversaci\u00f3n:\u00a0<\/span><\/p><p><span style=\"font-weight: 400;\">Lectura del texto de Andrea Franulic \u201c\u00bfQu\u00e9 es una vida digna para una mujer que se pretende libre\u201d por Francisca Barrientos Tapia.<\/span><\/p><p><span style=\"font-weight: 400;\">\u00a0<\/span><\/p><p><span style=\"font-weight: 400;\"><u>Participaci\u00f3n en otros encuentros:<\/u><\/span><\/p><p><span style=\"font-size: 2.1rem;\"><b>Segundo encuentro de feminismo radical y lesbiano: El problema de la heterosexualidad, organizado por \u201cFeministas radicales de Chill\u00e1n\u201d<\/b>.<\/span><span style=\"font-weight: 400;\"> 29 de septiembre de 2018.\u00a0 Chill\u00e1n<\/span><\/p><p><span style=\"font-weight: 400;\"><u>Presentaciones:<\/u><\/span><\/p><ul><li><span style=\"font-weight: 400;\">Lesbianismo y diferencia sexual, Andrea Franulic Depix<\/span><\/li><li><span style=\"font-weight: 400;\">Resistencia milenaria de las mujeres al patriarcado y su r\u00e9gimen heterosexual,\u00a0 Jessica Gamboa Vald\u00e9s<\/span><\/li><li><span style=\"font-weight: 400;\">\u00bfQu\u00e9 es la heterosexualidad?, Dom\u00e9nica Francke Arjel\u00a0<\/span><\/li><li>El derecho patriarcal, Paulina Garc\u00eda\u00a0<\/li><\/ul><p><b style=\"font-size: inherit; text-align: inherit;\">Conversatorio intergeneracional, organizado por \u201cLa huacha Feminista de Valpara\u00edso\u201d.<\/b><span style=\"font-size: inherit; text-align: inherit;\"> 20 de octubre de 2018.\u00a0 <\/span><\/p><p><span style=\"font-size: 2.1rem;\"><u>Presentaciones:<\/u><\/span><\/p><ul><li><span style=\"font-size: inherit; text-align: inherit;\">Los grandes silencios patriarcales, Andrea Franulic Depix<\/span><\/li><li><span style=\"font-weight: 400;\">La recuperaci\u00f3n de mi voz, Ang\u00e9lica R\u00edos Rojas<\/span><\/li><li><span style=\"font-weight: 400;\">La heterosexualidad obligatoria como r\u00e9gimen pol\u00edtico-sexual y el silenciamiento de la existencia lesbiana,\u00a0 Jessica Gamboa Vald\u00e9s<\/span><\/li><\/ul><\/div>\n\t\t\t\t<\/div>\n\t\t\t\t<\/div>\n\t\t\t\t\t\t<\/div>\n\t\t\t\t\t<\/div>\n\t\t<\/div>\n\t\t\t\t\t\t\t\t<\/div>\n\t\t\t\t\t<\/div>\n\t\t<\/section>\n\t\t\t\t\t\t<\/div>\n\t\t\t\t\t\t<\/div>\n\t\t\t\t\t<\/div>\n\t\t","protected":false},"excerpt":{"rendered":"<p>\u201cGenealog\u00eda de mujeres del feminismo radical de la diferencia\u201d. 7 de octubre de 2017, en&#8230;<\/p>\n","protected":false},"author":1,"featured_media":3362,"comment_status":"open","ping_status":"open","sticky":false,"template":"","format":"standard","meta":{"_monsterinsights_skip_tracking":false,"_monsterinsights_sitenote_active":false,"_monsterinsights_sitenote_note":"","_monsterinsights_sitenote_category":0,"footnotes":""},"categories":[1],"tags":[],"_links":{"self":[{"href":"https:\/\/feministaslucidas.org\/index.php\/wp-json\/wp\/v2\/posts\/3256"}],"collection":[{"href":"https:\/\/feministaslucidas.org\/index.php\/wp-json\/wp\/v2\/posts"}],"about":[{"href":"https:\/\/feministaslucidas.org\/index.php\/wp-json\/wp\/v2\/types\/post"}],"author":[{"embeddable":true,"href":"https:\/\/feministaslucidas.org\/index.php\/wp-json\/wp\/v2\/users\/1"}],"replies":[{"embeddable":true,"href":"https:\/\/feministaslucidas.org\/index.php\/wp-json\/wp\/v2\/comments?post=3256"}],"version-history":[{"count":39,"href":"https:\/\/feministaslucidas.org\/index.php\/wp-json\/wp\/v2\/posts\/3256\/revisions"}],"predecessor-version":[{"id":3507,"href":"https:\/\/feministaslucidas.org\/index.php\/wp-json\/wp\/v2\/posts\/3256\/revisions\/3507"}],"wp:featuredmedia":[{"embeddable":true,"href":"https:\/\/feministaslucidas.org\/index.php\/wp-json\/wp\/v2\/media\/3362"}],"wp:attachment":[{"href":"https:\/\/feministaslucidas.org\/index.php\/wp-json\/wp\/v2\/media?parent=3256"}],"wp:term":[{"taxonomy":"category","embeddable":true,"href":"https:\/\/feministaslucidas.org\/index.php\/wp-json\/wp\/v2\/categories?post=3256"},{"taxonomy":"post_tag","embeddable":true,"href":"https:\/\/feministaslucidas.org\/index.php\/wp-json\/wp\/v2\/tags?post=3256"}],"curies":[{"name":"wp","href":"https:\/\/api.w.org\/{rel}","templated":true}]}}